{"id":3333,"date":"2015-07-08T08:50:07","date_gmt":"2015-07-08T06:50:07","guid":{"rendered":"https:\/\/faustmuseum.de\/?p=3333"},"modified":"2015-07-08T08:50:07","modified_gmt":"2015-07-08T06:50:07","slug":"druckwerkstatt-fuer-kinder","status":"publish","type":"post","link":"https:\/\/faustmuseum.de\/en\/druckwerkstatt-fuer-kinder\/","title":{"rendered":"Weihnachtsmarkt mit Druckwerkstatt f\u00fcr Kinder im Faust-Archiv und Gratis-F\u00fchrungen durch die Ausstellungen"},"content":{"rendered":"<div class=\"schmaler-block\">\n<p>Das Faust-Museum pr\u00e4sentiert sich in der Vorweihnachtszeit als \u201eAdventskalender-Haus\u201c, festlich geschm\u00fcckt und beleuchtet. Am Weihnachtsmarkt bietet das Faust-Museum\/Faust-Archiv dann ein Sonderprogramm:<\/p>\n<p>So \u00f6ffnet das Museum seine Pforten mit verl\u00e4ngerten \u00d6ffnungszeiten und kann an allen drei Tagen des Weihnachtsmarktes bei Gratis-Eintritt bis 22 Uhr besucht werden. Besonderheit im Foyer des Faust-Museums: das Weihnachts-Foto-Shooting. Unter einem Weihnachtsbaum mit Schneelandschaft werden professionelle Fotos von Volker Henkel (fotomoment) geschossen, die im Museums-Shop sofort ausgedruckt erworben werden k\u00f6nnen.<\/p>\n<\/div>\n<p><strong>DRUCK-WERKSTATT <br \/> F\u00dcR KINDER UND ERWACHSENE<\/strong><\/p>\n<p>Am Samstag, den 12. Dezember 2015 und am Sonntag, den 13. Dezember 2015 jeweils von <br \/> 16 &#8211; 21 Uhr pr\u00e4sentiert sich dann wie im letzten Jahr die historische Druckwerkstatt f\u00fcr Kinder und Erwachsene im Vortragssaal des Faust-Archivs. Die Drucker im historischen Gutenberg-Gewand weihen in die Geheimnisse der Druckerkunst ein, wobei ganz pers\u00f6nliche und individuelle Geschenke geschaffen werden.<\/p>\n<p><strong>GRATIS-F\u00dcHRUNGEN<\/strong><\/p>\n<p>Am Sonntag, den 13. Dezember 2015 k\u00f6nnen Gratis-F\u00fchrungen durch die Ausstellungen des Faust-Archivs und des Faust-Museums besucht werden. Um 15 Uhr wird der Kurator und wissenschaftliche Mitarbeiter der Stiftung Reichspr\u00e4sident Friedrich Ebert-Gedenkst\u00e4tte Heidelberg, Dr. Michael Braun, durch die Sonderausstellung im Faust-Archiv \u201eDar\u00fcber lacht die Republik\u201c \u2013 Friedrich Ebert und \u201eseine\u201c Kanzler\u201c f\u00fchren und die Karikaturen aus der Zeit der Weimarer Republik erl\u00e4utern. Um 17 Uhr f\u00fchrt dann die Leiterin des Faust-Museums\/Faust-Archivs Knittlingen, Dr. Denise Roth, durch das Faust-Museum, auf den Spuren des Faust-Mythos\u2018, angefangen beim historischen Georg Johann Faust aus Knittlingen und seinem r\u00e4tselhaften Leben in der Zeit der Renaissance, \u00fcber Goethes \u201eFaust\u201c bis hin zu Faust in Theater, Film und Musik des 20. und 21. Jahrhunderts.<\/p>\n<p>Vor und nach dem Eintauchen in Geschichte, Kunst und Literatur in weihnachtlicher Atmosph\u00e4re locken direkt vor Museum und Archiv Gl\u00fchwein und Leckereien auf dem Weihnachtsmarkt.<\/p>\n","protected":false},"excerpt":{"rendered":"<p>Samstag, 12. Dezember<br \/>\nund Sonntag, 13. Dezember 2015<\/p>\n","protected":false},"author":3,"featured_media":0,"comment_status":"closed","ping_status":"closed","sticky":false,"template":"","format":"standard","meta":{"_uag_custom_page_level_css":"","advgb_blocks_editor_width":"","advgb_blocks_columns_visual_guide":"","footnotes":""},"categories":[11,12,17],"tags":[],"class_list":["post-3333","post","type-post","status-publish","format-standard","hentry","category-events-archive","category-faustarchiv","category-vergangene-veranstaltungen"],"yoast_head":"<!-- This site is optimized with the Yoast SEO plugin v27.5 - https:\/\/yoast.com\/product\/yoast-seo-wordpress\/ -->\n<title>Weihnachtsmarkt mit Druckwerkstatt f\u00fcr Kinder im Faust-Archiv und Gratis-F\u00fchrungen durch die Ausstellungen - Faust Museum<\/title>\n<meta name=\"robots\" content=\"index, follow, max-snippet:-1, max-image-preview:large, max-video-preview:-1\" \/>\n<link rel=\"canonical\" href=\"https:\/\/faustmuseum.de\/en\/druckwerkstatt-fuer-kinder\/\" \/>\n<meta property=\"og:locale\" content=\"en_US\" \/>\n<meta property=\"og:type\" content=\"article\" \/>\n<meta property=\"og:title\" content=\"Weihnachtsmarkt mit Druckwerkstatt f\u00fcr Kinder im Faust-Archiv und Gratis-F\u00fchrungen durch die Ausstellungen - Faust Museum\" \/>\n<meta property=\"og:description\" content=\"Samstag, 12. Dezember und Sonntag, 13. Dezember 2015\" \/>\n<meta property=\"og:url\" content=\"https:\/\/faustmuseum.de\/en\/druckwerkstatt-fuer-kinder\/\" \/>\n<meta property=\"og:site_name\" content=\"Faust Museum\" \/>\n<meta property=\"article:published_time\" content=\"2015-07-08T06:50:07+00:00\" \/>\n<meta name=\"author\" content=\"Faust-Museum\" \/>\n<meta name=\"twitter:card\" content=\"summary_large_image\" \/>\n<meta name=\"twitter:label1\" content=\"Written by\" \/>\n\t<meta name=\"twitter:data1\" content=\"Faust-Museum\" \/>\n\t<meta name=\"twitter:label2\" content=\"Est. reading time\" \/>\n\t<meta name=\"twitter:data2\" content=\"1 minute\" \/>\n<script type=\"application\/ld+json\" class=\"yoast-schema-graph\">{\"@context\":\"https:\\\/\\\/schema.org\",\"@graph\":[{\"@type\":\"Article\",\"@id\":\"https:\\\/\\\/faustmuseum.de\\\/en\\\/druckwerkstatt-fuer-kinder\\\/#article\",\"isPartOf\":{\"@id\":\"https:\\\/\\\/faustmuseum.de\\\/en\\\/druckwerkstatt-fuer-kinder\\\/\"},\"author\":{\"name\":\"Faust-Museum\",\"@id\":\"https:\\\/\\\/faustmuseum.de\\\/en\\\/#\\\/schema\\\/person\\\/2fde7f2a31da47d23bbcf4c1d02bca01\"},\"headline\":\"Weihnachtsmarkt mit Druckwerkstatt f\u00fcr Kinder im Faust-Archiv und Gratis-F\u00fchrungen durch die Ausstellungen\",\"datePublished\":\"2015-07-08T06:50:07+00:00\",\"mainEntityOfPage\":{\"@id\":\"https:\\\/\\\/faustmuseum.de\\\/en\\\/druckwerkstatt-fuer-kinder\\\/\"},\"wordCount\":300,\"articleSection\":[\"Events \\\/ Archive\",\"Faustarchiv\",\"Vergangene Veranstaltungen\"],\"inLanguage\":\"en-US\"},{\"@type\":\"WebPage\",\"@id\":\"https:\\\/\\\/faustmuseum.de\\\/en\\\/druckwerkstatt-fuer-kinder\\\/\",\"url\":\"https:\\\/\\\/faustmuseum.de\\\/en\\\/druckwerkstatt-fuer-kinder\\\/\",\"name\":\"Weihnachtsmarkt mit Druckwerkstatt f\u00fcr Kinder im Faust-Archiv und Gratis-F\u00fchrungen durch die Ausstellungen - Faust Museum\",\"isPartOf\":{\"@id\":\"https:\\\/\\\/faustmuseum.de\\\/en\\\/#website\"},\"datePublished\":\"2015-07-08T06:50:07+00:00\",\"author\":{\"@id\":\"https:\\\/\\\/faustmuseum.de\\\/en\\\/#\\\/schema\\\/person\\\/2fde7f2a31da47d23bbcf4c1d02bca01\"},\"breadcrumb\":{\"@id\":\"https:\\\/\\\/faustmuseum.de\\\/en\\\/druckwerkstatt-fuer-kinder\\\/#breadcrumb\"},\"inLanguage\":\"en-US\",\"potentialAction\":[{\"@type\":\"ReadAction\",\"target\":[\"https:\\\/\\\/faustmuseum.de\\\/en\\\/druckwerkstatt-fuer-kinder\\\/\"]}]},{\"@type\":\"BreadcrumbList\",\"@id\":\"https:\\\/\\\/faustmuseum.de\\\/en\\\/druckwerkstatt-fuer-kinder\\\/#breadcrumb\",\"itemListElement\":[{\"@type\":\"ListItem\",\"position\":1,\"name\":\"Startseite\",\"item\":\"https:\\\/\\\/faustmuseum.de\\\/en\\\/\"},{\"@type\":\"ListItem\",\"position\":2,\"name\":\"Weihnachtsmarkt mit Druckwerkstatt f\u00fcr Kinder im Faust-Archiv und Gratis-F\u00fchrungen durch die Ausstellungen\"}]},{\"@type\":\"WebSite\",\"@id\":\"https:\\\/\\\/faustmuseum.de\\\/en\\\/#website\",\"url\":\"https:\\\/\\\/faustmuseum.de\\\/en\\\/\",\"name\":\"Faust Museum\",\"description\":\"The Faust Museum in Knittlingen\",\"potentialAction\":[{\"@type\":\"SearchAction\",\"target\":{\"@type\":\"EntryPoint\",\"urlTemplate\":\"https:\\\/\\\/faustmuseum.de\\\/en\\\/?s={search_term_string}\"},\"query-input\":{\"@type\":\"PropertyValueSpecification\",\"valueRequired\":true,\"valueName\":\"search_term_string\"}}],\"inLanguage\":\"en-US\"},{\"@type\":\"Person\",\"@id\":\"https:\\\/\\\/faustmuseum.de\\\/en\\\/#\\\/schema\\\/person\\\/2fde7f2a31da47d23bbcf4c1d02bca01\",\"name\":\"Faust-Museum\",\"image\":{\"@type\":\"ImageObject\",\"inLanguage\":\"en-US\",\"@id\":\"https:\\\/\\\/secure.gravatar.com\\\/avatar\\\/7af8d4ff11cbbcee574eabba13808b5128765a18d1e7392583c4e073e9216d84?s=96&d=mm&r=g\",\"url\":\"https:\\\/\\\/secure.gravatar.com\\\/avatar\\\/7af8d4ff11cbbcee574eabba13808b5128765a18d1e7392583c4e073e9216d84?s=96&d=mm&r=g\",\"contentUrl\":\"https:\\\/\\\/secure.gravatar.com\\\/avatar\\\/7af8d4ff11cbbcee574eabba13808b5128765a18d1e7392583c4e073e9216d84?s=96&d=mm&r=g\",\"caption\":\"Faust-Museum\"},\"url\":\"https:\\\/\\\/faustmuseum.de\\\/en\\\/author\\\/diefaustdamen\\\/\"}]}<\/script>\n<!-- \/ Yoast SEO plugin. -->","yoast_head_json":{"title":"Weihnachtsmarkt mit Druckwerkstatt f\u00fcr Kinder im Faust-Archiv und Gratis-F\u00fchrungen durch die Ausstellungen - Faust Museum","robots":{"index":"index","follow":"follow","max-snippet":"max-snippet:-1","max-image-preview":"max-image-preview:large","max-video-preview":"max-video-preview:-1"},"canonical":"https:\/\/faustmuseum.de\/en\/druckwerkstatt-fuer-kinder\/","og_locale":"en_US","og_type":"article","og_title":"Weihnachtsmarkt mit Druckwerkstatt f\u00fcr Kinder im Faust-Archiv und Gratis-F\u00fchrungen durch die Ausstellungen - Faust Museum","og_description":"Samstag, 12. Dezember und Sonntag, 13. Dezember 2015","og_url":"https:\/\/faustmuseum.de\/en\/druckwerkstatt-fuer-kinder\/","og_site_name":"Faust Museum","article_published_time":"2015-07-08T06:50:07+00:00","author":"Faust-Museum","twitter_card":"summary_large_image","twitter_misc":{"Written by":"Faust-Museum","Est. reading time":"1 minute"},"schema":{"@context":"https:\/\/schema.org","@graph":[{"@type":"Article","@id":"https:\/\/faustmuseum.de\/en\/druckwerkstatt-fuer-kinder\/#article","isPartOf":{"@id":"https:\/\/faustmuseum.de\/en\/druckwerkstatt-fuer-kinder\/"},"author":{"name":"Faust-Museum","@id":"https:\/\/faustmuseum.de\/en\/#\/schema\/person\/2fde7f2a31da47d23bbcf4c1d02bca01"},"headline":"Weihnachtsmarkt mit Druckwerkstatt f\u00fcr Kinder im Faust-Archiv und Gratis-F\u00fchrungen durch die Ausstellungen","datePublished":"2015-07-08T06:50:07+00:00","mainEntityOfPage":{"@id":"https:\/\/faustmuseum.de\/en\/druckwerkstatt-fuer-kinder\/"},"wordCount":300,"articleSection":["Events \/ Archive","Faustarchiv","Vergangene Veranstaltungen"],"inLanguage":"en-US"},{"@type":"WebPage","@id":"https:\/\/faustmuseum.de\/en\/druckwerkstatt-fuer-kinder\/","url":"https:\/\/faustmuseum.de\/en\/druckwerkstatt-fuer-kinder\/","name":"Weihnachtsmarkt mit Druckwerkstatt f\u00fcr Kinder im Faust-Archiv und Gratis-F\u00fchrungen durch die Ausstellungen - Faust Museum","isPartOf":{"@id":"https:\/\/faustmuseum.de\/en\/#website"},"datePublished":"2015-07-08T06:50:07+00:00","author":{"@id":"https:\/\/faustmuseum.de\/en\/#\/schema\/person\/2fde7f2a31da47d23bbcf4c1d02bca01"},"breadcrumb":{"@id":"https:\/\/faustmuseum.de\/en\/druckwerkstatt-fuer-kinder\/#breadcrumb"},"inLanguage":"en-US","potentialAction":[{"@type":"ReadAction","target":["https:\/\/faustmuseum.de\/en\/druckwerkstatt-fuer-kinder\/"]}]},{"@type":"BreadcrumbList","@id":"https:\/\/faustmuseum.de\/en\/druckwerkstatt-fuer-kinder\/#breadcrumb","itemListElement":[{"@type":"ListItem","position":1,"name":"Startseite","item":"https:\/\/faustmuseum.de\/en\/"},{"@type":"ListItem","position":2,"name":"Weihnachtsmarkt mit Druckwerkstatt f\u00fcr Kinder im Faust-Archiv und Gratis-F\u00fchrungen durch die Ausstellungen"}]},{"@type":"WebSite","@id":"https:\/\/faustmuseum.de\/en\/#website","url":"https:\/\/faustmuseum.de\/en\/","name":"Faust Museum","description":"The Faust Museum in Knittlingen","potentialAction":[{"@type":"SearchAction","target":{"@type":"EntryPoint","urlTemplate":"https:\/\/faustmuseum.de\/en\/?s={search_term_string}"},"query-input":{"@type":"PropertyValueSpecification","valueRequired":true,"valueName":"search_term_string"}}],"inLanguage":"en-US"},{"@type":"Person","@id":"https:\/\/faustmuseum.de\/en\/#\/schema\/person\/2fde7f2a31da47d23bbcf4c1d02bca01","name":"Faust-Museum","image":{"@type":"ImageObject","inLanguage":"en-US","@id":"https:\/\/secure.gravatar.com\/avatar\/7af8d4ff11cbbcee574eabba13808b5128765a18d1e7392583c4e073e9216d84?s=96&d=mm&r=g","url":"https:\/\/secure.gravatar.com\/avatar\/7af8d4ff11cbbcee574eabba13808b5128765a18d1e7392583c4e073e9216d84?s=96&d=mm&r=g","contentUrl":"https:\/\/secure.gravatar.com\/avatar\/7af8d4ff11cbbcee574eabba13808b5128765a18d1e7392583c4e073e9216d84?s=96&d=mm&r=g","caption":"Faust-Museum"},"url":"https:\/\/faustmuseum.de\/en\/author\/diefaustdamen\/"}]}},"author_meta":{"display_name":"Faust-Museum","author_link":"https:\/\/faustmuseum.de\/en\/author\/diefaustdamen\/"},"featured_img":null,"uagb_featured_image_src":{"full":false,"thumbnail":false,"medium":false,"medium_large":false,"large":false,"1536x1536":false,"2048x2048":false,"post-thumbnail":false,"twentytwenty-fullscreen":false},"uagb_author_info":{"display_name":"Faust-Museum","author_link":"https:\/\/faustmuseum.de\/en\/author\/diefaustdamen\/"},"uagb_comment_info":0,"uagb_excerpt":"Samstag, 12. Dezember und Sonntag, 13. Dezember 2015","wps_subtitle":"","coauthors":[],"tax_additional":{"categories":{"linked":["<a href=\"https:\/\/faustmuseum.de\/en\/category\/events-archive\/\" class=\"advgb-post-tax-term\">Events \/ Archive<\/a>","<a href=\"https:\/\/faustmuseum.de\/en\/category\/faustarchiv\/\" class=\"advgb-post-tax-term\">Faustarchiv<\/a>","<a href=\"https:\/\/faustmuseum.de\/en\/category\/vergangene-veranstaltungen\/\" class=\"advgb-post-tax-term\">Vergangene Veranstaltungen<\/a>"],"unlinked":["<span class=\"advgb-post-tax-term\">Events \/ Archive<\/span>","<span class=\"advgb-post-tax-term\">Faustarchiv<\/span>","<span class=\"advgb-post-tax-term\">Vergangene Veranstaltungen<\/span>"]}},"comment_count":"0","relative_dates":{"created":"Posted 11 years ago","modified":"Updated 11 years ago"},"absolute_dates":{"created":"Posted on 2015 July 8.","modified":"Updated on 2015 July 8."},"absolute_dates_time":{"created":"Posted on 2015 July 8. 8:50","modified":"Updated on 2015 July 8. 8:50"},"featured_img_caption":"","series_order":"","publishpress_future_action":{"enabled":false,"date":"2026-05-10 10:07:17","action":"change-status","newStatus":"draft","terms":[],"taxonomy":"category","extraData":[]},"publishpress_future_workflow_manual_trigger":{"enabledWorkflows":[]},"_links":{"self":[{"href":"https:\/\/faustmuseum.de\/en\/wp-json\/wp\/v2\/posts\/3333","targetHints":{"allow":["GET"]}}],"collection":[{"href":"https:\/\/faustmuseum.de\/en\/wp-json\/wp\/v2\/posts"}],"about":[{"href":"https:\/\/faustmuseum.de\/en\/wp-json\/wp\/v2\/types\/post"}],"author":[{"embeddable":true,"href":"https:\/\/faustmuseum.de\/en\/wp-json\/wp\/v2\/users\/3"}],"replies":[{"embeddable":true,"href":"https:\/\/faustmuseum.de\/en\/wp-json\/wp\/v2\/comments?post=3333"}],"version-history":[{"count":0,"href":"https:\/\/faustmuseum.de\/en\/wp-json\/wp\/v2\/posts\/3333\/revisions"}],"wp:attachment":[{"href":"https:\/\/faustmuseum.de\/en\/wp-json\/wp\/v2\/media?parent=3333"}],"wp:term":[{"taxonomy":"category","embeddable":true,"href":"https:\/\/faustmuseum.de\/en\/wp-json\/wp\/v2\/categories?post=3333"},{"taxonomy":"post_tag","embeddable":true,"href":"https:\/\/faustmuseum.de\/en\/wp-json\/wp\/v2\/tags?post=3333"}],"curies":[{"name":"wp","href":"https:\/\/api.w.org\/{rel}","templated":true}]}}